{"id":812,"date":"2012-04-17T00:00:00","date_gmt":"2012-04-16T22:00:00","guid":{"rendered":"http:\/\/www.lets-grow.de\/blog\/projekt2012-3\/"},"modified":"2016-08-29T12:47:12","modified_gmt":"2016-08-29T10:47:12","slug":"projekt2012_20120521","status":"publish","type":"post","link":"https:\/\/www.lets-grow.de\/blog\/projekt2012_20120521\/","title":{"rendered":"Projekt 2012  &#8211; 21.05.2012"},"content":{"rendered":"<p>Hallo liebe Besucher,<img decoding=\"async\" alt=\"Radieschenernte aus dem Kiesbeet\" src=\"lets-grow.de\/joomla\/images\/projekt_2012\/20120522\/P1050521.jpg\" mce_src=\"lets-grow.de\/joomla\/images\/projekt_2012\/20120522\/P1050521.jpg\"><\/p>\n<p>das Wetter ist mittlerweile richtig sommerlich.<br \/>Temperaturen aktuell 25\u00b0C, und f\u00fcr den 22.05.2012 sind sogar 29\u00b0C angek\u00fcndigt.<\/p>\n<p>Jeden Tag ernten wir 20-30 Radieschen, der Nitratwert ist hoch auf 25mg\/L und das merkt man.<i><\/i><\/p>\n<p><img decoding=\"async\" alt=\"Radieschenernte aus dem Kiesbeet\" src=\"http:\/\/www.lets-grow.de\/blog\/wp-content\/uploads\/2012\/04\/P1050521.jpg\" mce_src=\"http:\/\/www.lets-grow.de\/blog\/wp-content\/uploads\/2012\/04\/P1050521.jpg\" height=\"450\" width=\"600\"><\/p>\n<p><img decoding=\"async\" alt=\"Radieschen im Kiesbeet\" src=\"http:\/\/www.lets-grow.de\/blog\/wp-content\/uploads\/2012\/04\/P1050492.jpg\" mce_src=\"http:\/\/www.lets-grow.de\/blog\/wp-content\/uploads\/2012\/04\/P1050492.jpg\" height=\"450\" width=\"600\"><\/p>\n<p>Manche haben sogar eine lilane F\u00e4rbung, schmecken aber auch total lecker.<br \/>Sehr Zart und weich und mit ein wenig Dampf \ud83d\ude42<\/p>\n<p><img decoding=\"async\" alt=\"Auch in Lila\" src=\"http:\/\/www.lets-grow.de\/blog\/wp-content\/uploads\/2012\/04\/P1050497.jpg\" mce_src=\"http:\/\/www.lets-grow.de\/blog\/wp-content\/uploads\/2012\/04\/P1050497.jpg\" height=\"450\" width=\"600\"><\/p>\n<p>Auch das Gewicht ist nicht zu verachten, eine Tagesernte kommt gut und gerne auf \u00fcber 600g.<br \/>Die Radieschen werden schon im Familien- und Freundeskreis verteilt, weil man die Mengen garnicht schaffen kann.<\/p>\n<p><img decoding=\"async\" alt=\"650g Radieschen\" src=\"http:\/\/www.lets-grow.de\/blog\/wp-content\/uploads\/2012\/04\/P1050522.jpg\" mce_src=\"http:\/\/www.lets-grow.de\/blog\/wp-content\/uploads\/2012\/04\/P1050522.jpg\" height=\"800\" width=\"600\"><\/p>\n<p>Der Spinat kommt auch raus, und entwickelt seine Bl\u00e4tter<br \/><img decoding=\"async\" alt=\"Spinat im Kies\" src=\"http:\/\/www.lets-grow.de\/blog\/wp-content\/uploads\/2012\/04\/P1050457.jpg\" mce_src=\"http:\/\/www.lets-grow.de\/blog\/wp-content\/uploads\/2012\/04\/P1050457.jpg\" height=\"450\" width=\"600\"><\/p>\n<p><img decoding=\"async\" alt=\"Spinat2\" src=\"http:\/\/www.lets-grow.de\/blog\/wp-content\/uploads\/2012\/04\/P1050498.jpg\" mce_src=\"http:\/\/www.lets-grow.de\/blog\/wp-content\/uploads\/2012\/04\/P1050498.jpg\"><\/p>\n<p>Neben den Aussaten wurden auch vorgezogene Salate, Sellerie, Kohlrabis und Rot-,Wei\u00df- und Wirsingkohl ins Beet gesetzt.<\/p>\n<p>Das Pflanzen am Anfang etwas auf dem Kies liegen ist normal.<br \/><img decoding=\"async\" src=\"http:\/\/www.lets-grow.de\/blog\/wp-content\/uploads\/2012\/04\/P1050502.jpg\" mce_src=\"http:\/\/www.lets-grow.de\/blog\/wp-content\/uploads\/2012\/04\/P1050502.jpg\" height=\"450\" width=\"600\"><\/p>\n<p>Nach zwei Tagen wachsen sie gleich stark weiter&#8230;<\/p>\n<p><img decoding=\"async\" src=\"http:\/\/www.lets-grow.de\/blog\/wp-content\/uploads\/2012\/04\/P1050518.jpg\" mce_src=\"http:\/\/www.lets-grow.de\/blog\/wp-content\/uploads\/2012\/04\/P1050518.jpg\"><\/p>\n<p><img decoding=\"async\" src=\"http:\/\/www.lets-grow.de\/blog\/wp-content\/uploads\/2012\/04\/P1050519.jpg\" mce_src=\"http:\/\/www.lets-grow.de\/blog\/wp-content\/uploads\/2012\/04\/P1050519.jpg\"><\/p>\n<p>Es ist jedes Jahr aufs neue wieder beeindruckend wie schnell die Pflanzen den Kies annehmen und neue Bl\u00e4tter bilden.<br \/>Auch die Aussaat in das Raftsystem von Kopfsalat auf dem Teich ist bereits erfolgt, und die Samen keimten bereits nach 3 Tagen.<br \/>Bisher lohnt es sich nicht ein Foto zu machen.<\/p>\n<p>Im Gew\u00e4chshaus wurde der Fischtank erneuert, und das System angeworfen.<br \/>Binnen einer Woche bl\u00fchten die Erdbeeren und bereits nach weiteren 3 Tagen sieht man die ersten Fr\u00fcchte.<br \/><img decoding=\"async\" alt=\"Bl\u00fchende Erdbeeren\" src=\"http:\/\/www.lets-grow.de\/blog\/wp-content\/uploads\/2012\/04\/P1050504.jpg\" mce_src=\"http:\/\/www.lets-grow.de\/blog\/wp-content\/uploads\/2012\/04\/P1050504.jpg\"><\/p>\n<p>Durch den sp\u00e4ten Systemstart gehen wir davon aus, das die Fr\u00fcchte dieses Jahr nicht sonderlich gro\u00df werden.<br \/>Die Erdbeeren haben wenig Wasser bekommen und erst kurz vor der Bl\u00fcte die N\u00e4hrstoffversorgung erhalten.<br \/><img decoding=\"async\" alt=\"Ersten Fruchans\u00e4tze der Erdbeeren\" src=\"http:\/\/www.lets-grow.de\/blog\/wp-content\/uploads\/2012\/04\/P1050505.jpg\" mce_src=\"http:\/\/www.lets-grow.de\/blog\/wp-content\/uploads\/2012\/04\/P1050505.jpg\" height=\"450\" width=\"600\"><\/p>\n<p>Bis zum n\u00e4chsten Update w\u00fcnschen wir allen Aquaponikinteressierten noch eine sch\u00f6ne Woche, sch\u00f6ne Pfingsten und sonnige Tage.<\/p>\n<p><b>Euer Lets-Grow Team<\/b><\/p>\n","protected":false},"excerpt":{"rendered":"<p>Hallo liebe Besucher, das Wetter ist mittlerweile richtig sommerlich.Temperaturen aktuell 25\u00b0C, und f\u00fcr den 22.05.2012 sind sogar 29\u00b0C angek\u00fcndigt. Jeden<\/p>\n","protected":false},"author":1,"featured_media":0,"comment_status":"open","ping_status":"open","sticky":false,"template":"","format":"standard","meta":{"_monsterinsights_skip_tracking":false,"_monsterinsights_sitenote_active":false,"_monsterinsights_sitenote_note":"","_monsterinsights_sitenote_category":0,"footnotes":""},"categories":[340],"tags":[],"class_list":["post-812","post","type-post","status-publish","format-standard","hentry","category-projekt-2012"],"_links":{"self":[{"href":"https:\/\/www.lets-grow.de\/blog\/wp-json\/wp\/v2\/posts\/812","targetHints":{"allow":["GET"]}}],"collection":[{"href":"https:\/\/www.lets-grow.de\/blog\/wp-json\/wp\/v2\/posts"}],"about":[{"href":"https:\/\/www.lets-grow.de\/blog\/wp-json\/wp\/v2\/types\/post"}],"author":[{"embeddable":true,"href":"https:\/\/www.lets-grow.de\/blog\/wp-json\/wp\/v2\/users\/1"}],"replies":[{"embeddable":true,"href":"https:\/\/www.lets-grow.de\/blog\/wp-json\/wp\/v2\/comments?post=812"}],"version-history":[{"count":0,"href":"https:\/\/www.lets-grow.de\/blog\/wp-json\/wp\/v2\/posts\/812\/revisions"}],"wp:attachment":[{"href":"https:\/\/www.lets-grow.de\/blog\/wp-json\/wp\/v2\/media?parent=812"}],"wp:term":[{"taxonomy":"category","embeddable":true,"href":"https:\/\/www.lets-grow.de\/blog\/wp-json\/wp\/v2\/categories?post=812"},{"taxonomy":"post_tag","embeddable":true,"href":"https:\/\/www.lets-grow.de\/blog\/wp-json\/wp\/v2\/tags?post=812"}],"curies":[{"name":"wp","href":"https:\/\/api.w.org\/{rel}","templated":true}]}}